{"id":3472,"date":"2025-12-05T19:00:34","date_gmt":"2025-12-05T18:00:34","guid":{"rendered":"https:\/\/vagosmetalfest.com\/?post_type=noticias&#038;p=3472"},"modified":"2025-12-11T14:44:06","modified_gmt":"2025-12-11T13:44:06","slug":"vagos-metal-fest-12-novos-nomes-confirmados","status":"publish","type":"noticias","link":"http:\/\/vagosmetalfest.com\/en\/noticias\/vagos-metal-fest-12-novos-nomes-confirmados\/","title":{"rendered":"Vagos Metal Fest: 12 novos nomes confirmados"},"content":{"rendered":"<p>O Vagos Metal Fest anunciou uma nova vaga de confirma\u00e7\u00f5es para a sua edi\u00e7\u00e3o de 2026: os noruegueses Satyricon s\u00e3o uma delas.<\/p>\n<div class=\"item-1 item-1-3 item-odd item-first first CT-html\">\n<p>H\u00e1 mais doze nomes no cartaz da edi\u00e7\u00e3o de 2026 do Vagos Metal Fest, que se realiza de 5 a 9 de agosto na Quinta do Ega, em Vagos.<\/p>\n<p>Os noruegueses Satyricon, nome de culto do\u00a0<i>black metal<\/i>\u00a0noruegu\u00eas, s\u00e3o uma delas, aterrando em Portugal tr\u00eas anos ap\u00f3s a edi\u00e7\u00e3o de \u201cSatyricon &amp; Munch\u201d, banda-sonora criada para acompanhar uma exposi\u00e7\u00e3o do pintor Edvard Munch no Munch Museum, em Oslo.<\/p>\n<p>Os canadianos Cryptopsy, hist\u00f3ricos do\u00a0<i>death metal<\/i>, tamb\u00e9m passar\u00e3o por Vagos (com \u201cAn Insatiable Violence\u201d, de 2025, na bagagem), assim como os Cro-Mags, banda lend\u00e1ria do punk\u00a0<i>hardcore<\/i>\u00a0norte-americano, e os finlandeses Korpiklaani, nome cimeiro do\u00a0<i>folk metal<\/i>.<\/p>\n<p>A organiza\u00e7\u00e3o do Vagos Metal Fest divulgou, ainda, o alinhamento por dias, sendo que do cartaz j\u00e1 faziam parte nomes como Lamb Of God, Within Temptation, In Flames, Godsmack ou Deicide.<\/p>\n<p>Os bilhetes para o Vagos Metal Fest est\u00e3o \u00e0 venda nos locais habituais, a pre\u00e7os que v\u00e3o dos 65 euros (di\u00e1rio) aos 159 euros (passe).<\/p>\n<p>Confira o alinhamento por dias:<\/p>\n<\/div>\n<div class=\"item-2 item-2-3 item-even CT-html\">\n<p><strong><u>5 de agosto<\/u><\/strong><br \/>\nLamb Of God<br \/>\nCro-Mags<br \/>\nAlmost Dead<br \/>\nAn Endless Path<\/p>\n<p><strong><u>6 de agosto<\/u><\/strong><br \/>\nSatyricon<br \/>\nDoro<br \/>\nBlack Sun<br \/>\nThe Heathen Scythe<\/p>\n<p><strong><u>7 de agosto<\/u><\/strong><br \/>\nWithin Temptation<br \/>\nDeicide<br \/>\nThundermother<br \/>\nHolocausto Canibal<br \/>\nRainover<br \/>\nAnima Inside<\/p>\n<p><strong><u>8 de agosto<\/u><\/strong><br \/>\nGodsmack<br \/>\nKorpiklaani<br \/>\nFilii Nigrantium Infernalium<br \/>\nNoturnall<br \/>\nRivetskull<\/p>\n<p><strong><u>9 de agosto<\/u><\/strong><br \/>\nIn Flames<br \/>\nHeaven Shall Burn<br \/>\nCombichrist<br \/>\nCryptopsy<br \/>\nThe Fall of Creation<\/p>\n<\/div>\n","protected":false},"excerpt":{"rendered":"<p>O Vagos Metal Fest anunciou uma nova vaga de confirma\u00e7\u00f5es para a sua edi\u00e7\u00e3o de 2026: os noruegueses Satyricon s\u00e3o uma delas. H\u00e1 mais doze nomes no cartaz da edi\u00e7\u00e3o de 2026 do Vagos Metal Fest, que se realiza de 5 a 9 de agosto na Quinta do Ega, em Vagos. Os noruegueses Satyricon, nome [&hellip;]<\/p>\n","protected":false},"featured_media":3477,"template":"","categories":[61],"tags":[],"class_list":["post-3472","noticias","type-noticias","status-publish","has-post-thumbnail","hentry","category-destaques"],"acf":[],"yoast_head":"<!-- This site is optimized with the Yoast SEO plugin v26.5 - https:\/\/yoast.com\/wordpress\/plugins\/seo\/ -->\n<title>Not\u00edcias - Vagos Metal Fest<\/title>\n<meta name=\"robots\" content=\"index, follow, max-snippet:-1, max-image-preview:large, max-video-preview:-1\" \/>\n<link rel=\"canonical\" href=\"http:\/\/vagosmetalfest.com\/en\/noticias\/vagos-metal-fest-12-novos-nomes-confirmados\/\" \/>\n<meta property=\"og:locale\" content=\"en_US\" \/>\n<meta property=\"og:type\" content=\"article\" \/>\n<meta property=\"og:title\" content=\"Not\u00edcias - Vagos Metal Fest\" \/>\n<meta property=\"og:description\" content=\"O Vagos Metal Fest anunciou uma nova vaga de confirma\u00e7\u00f5es para a sua edi\u00e7\u00e3o de 2026: os noruegueses Satyricon s\u00e3o uma delas. H\u00e1 mais doze nomes no cartaz da edi\u00e7\u00e3o de 2026 do Vagos Metal Fest, que se realiza de 5 a 9 de agosto na Quinta do Ega, em Vagos. Os noruegueses Satyricon, nome [&hellip;]\" \/>\n<meta property=\"og:url\" content=\"http:\/\/vagosmetalfest.com\/en\/noticias\/vagos-metal-fest-12-novos-nomes-confirmados\/\" \/>\n<meta property=\"og:site_name\" content=\"Vagos Metal Fest\" \/>\n<meta property=\"article:modified_time\" content=\"2025-12-11T13:44:06+00:00\" \/>\n<meta property=\"og:image\" content=\"https:\/\/vagosmetalfest.com\/wp-content\/uploads\/2025\/12\/dqmfwZfoJyeBrr7xEE2zEM.jpg\" \/>\n\t<meta property=\"og:image:width\" content=\"1280\" \/>\n\t<meta property=\"og:image:height\" content=\"720\" \/>\n\t<meta property=\"og:image:type\" content=\"image\/jpeg\" \/>\n<meta name=\"twitter:card\" content=\"summary_large_image\" \/>\n<meta name=\"twitter:label1\" content=\"Est. reading time\" \/>\n\t<meta name=\"twitter:data1\" content=\"2 minutes\" \/>\n<script type=\"application\/ld+json\" class=\"yoast-schema-graph\">{\"@context\":\"https:\/\/schema.org\",\"@graph\":[{\"@type\":\"WebPage\",\"@id\":\"http:\/\/vagosmetalfest.com\/en\/noticias\/vagos-metal-fest-12-novos-nomes-confirmados\/\",\"url\":\"http:\/\/vagosmetalfest.com\/en\/noticias\/vagos-metal-fest-12-novos-nomes-confirmados\/\",\"name\":\"Not\u00edcias - Vagos Metal Fest\",\"isPartOf\":{\"@id\":\"https:\/\/vagosmetalfest.com\/en\/#website\"},\"primaryImageOfPage\":{\"@id\":\"http:\/\/vagosmetalfest.com\/en\/noticias\/vagos-metal-fest-12-novos-nomes-confirmados\/#primaryimage\"},\"image\":{\"@id\":\"http:\/\/vagosmetalfest.com\/en\/noticias\/vagos-metal-fest-12-novos-nomes-confirmados\/#primaryimage\"},\"thumbnailUrl\":\"http:\/\/vagosmetalfest.com\/wp-content\/uploads\/2025\/12\/dqmfwZfoJyeBrr7xEE2zEM.jpg\",\"datePublished\":\"2025-12-05T18:00:34+00:00\",\"dateModified\":\"2025-12-11T13:44:06+00:00\",\"breadcrumb\":{\"@id\":\"http:\/\/vagosmetalfest.com\/en\/noticias\/vagos-metal-fest-12-novos-nomes-confirmados\/#breadcrumb\"},\"inLanguage\":\"en-US\",\"potentialAction\":[{\"@type\":\"ReadAction\",\"target\":[\"http:\/\/vagosmetalfest.com\/en\/noticias\/vagos-metal-fest-12-novos-nomes-confirmados\/\"]}]},{\"@type\":\"ImageObject\",\"inLanguage\":\"en-US\",\"@id\":\"http:\/\/vagosmetalfest.com\/en\/noticias\/vagos-metal-fest-12-novos-nomes-confirmados\/#primaryimage\",\"url\":\"http:\/\/vagosmetalfest.com\/wp-content\/uploads\/2025\/12\/dqmfwZfoJyeBrr7xEE2zEM.jpg\",\"contentUrl\":\"http:\/\/vagosmetalfest.com\/wp-content\/uploads\/2025\/12\/dqmfwZfoJyeBrr7xEE2zEM.jpg\",\"width\":1280,\"height\":720,\"caption\":\"OLYMPUS DIGITAL CAMERA\"},{\"@type\":\"BreadcrumbList\",\"@id\":\"http:\/\/vagosmetalfest.com\/en\/noticias\/vagos-metal-fest-12-novos-nomes-confirmados\/#breadcrumb\",\"itemListElement\":[{\"@type\":\"ListItem\",\"position\":1,\"name\":\"In\u00edcio\",\"item\":\"https:\/\/vagosmetalfest.com\/en\/\"},{\"@type\":\"ListItem\",\"position\":2,\"name\":\"Not\u00edcias\",\"item\":\"http:\/\/vagosmetalfest.com\/en\/noticias\/\"},{\"@type\":\"ListItem\",\"position\":3,\"name\":\"Vagos Metal Fest: 12 novos nomes confirmados\"}]},{\"@type\":\"WebSite\",\"@id\":\"https:\/\/vagosmetalfest.com\/en\/#website\",\"url\":\"https:\/\/vagosmetalfest.com\/en\/\",\"name\":\"Vagos Metal Fest\",\"description\":\"\",\"publisher\":{\"@id\":\"https:\/\/vagosmetalfest.com\/en\/#organization\"},\"potentialAction\":[{\"@type\":\"SearchAction\",\"target\":{\"@type\":\"EntryPoint\",\"urlTemplate\":\"https:\/\/vagosmetalfest.com\/en\/?s={search_term_string}\"},\"query-input\":{\"@type\":\"PropertyValueSpecification\",\"valueRequired\":true,\"valueName\":\"search_term_string\"}}],\"inLanguage\":\"en-US\"},{\"@type\":\"Organization\",\"@id\":\"https:\/\/vagosmetalfest.com\/en\/#organization\",\"name\":\"Vagos Metal Fest\",\"url\":\"https:\/\/vagosmetalfest.com\/en\/\",\"logo\":{\"@type\":\"ImageObject\",\"inLanguage\":\"en-US\",\"@id\":\"https:\/\/vagosmetalfest.com\/en\/#\/schema\/logo\/image\/\",\"url\":\"http:\/\/vagosmetalfest.com\/wp-content\/uploads\/2024\/08\/Logo-VMF-2025.png\",\"contentUrl\":\"http:\/\/vagosmetalfest.com\/wp-content\/uploads\/2024\/08\/Logo-VMF-2025.png\",\"width\":3188,\"height\":1147,\"caption\":\"Vagos Metal Fest\"},\"image\":{\"@id\":\"https:\/\/vagosmetalfest.com\/en\/#\/schema\/logo\/image\/\"}}]}<\/script>\n<!-- \/ Yoast SEO plugin. -->","yoast_head_json":{"title":"Not\u00edcias - Vagos Metal Fest","robots":{"index":"index","follow":"follow","max-snippet":"max-snippet:-1","max-image-preview":"max-image-preview:large","max-video-preview":"max-video-preview:-1"},"canonical":"http:\/\/vagosmetalfest.com\/en\/noticias\/vagos-metal-fest-12-novos-nomes-confirmados\/","og_locale":"en_US","og_type":"article","og_title":"Not\u00edcias - Vagos Metal Fest","og_description":"O Vagos Metal Fest anunciou uma nova vaga de confirma\u00e7\u00f5es para a sua edi\u00e7\u00e3o de 2026: os noruegueses Satyricon s\u00e3o uma delas. H\u00e1 mais doze nomes no cartaz da edi\u00e7\u00e3o de 2026 do Vagos Metal Fest, que se realiza de 5 a 9 de agosto na Quinta do Ega, em Vagos. Os noruegueses Satyricon, nome [&hellip;]","og_url":"http:\/\/vagosmetalfest.com\/en\/noticias\/vagos-metal-fest-12-novos-nomes-confirmados\/","og_site_name":"Vagos Metal Fest","article_modified_time":"2025-12-11T13:44:06+00:00","og_image":[{"width":1280,"height":720,"url":"https:\/\/vagosmetalfest.com\/wp-content\/uploads\/2025\/12\/dqmfwZfoJyeBrr7xEE2zEM.jpg","type":"image\/jpeg"}],"twitter_card":"summary_large_image","twitter_misc":{"Est. reading time":"2 minutes"},"schema":{"@context":"https:\/\/schema.org","@graph":[{"@type":"WebPage","@id":"http:\/\/vagosmetalfest.com\/en\/noticias\/vagos-metal-fest-12-novos-nomes-confirmados\/","url":"http:\/\/vagosmetalfest.com\/en\/noticias\/vagos-metal-fest-12-novos-nomes-confirmados\/","name":"Not\u00edcias - Vagos Metal Fest","isPartOf":{"@id":"https:\/\/vagosmetalfest.com\/en\/#website"},"primaryImageOfPage":{"@id":"http:\/\/vagosmetalfest.com\/en\/noticias\/vagos-metal-fest-12-novos-nomes-confirmados\/#primaryimage"},"image":{"@id":"http:\/\/vagosmetalfest.com\/en\/noticias\/vagos-metal-fest-12-novos-nomes-confirmados\/#primaryimage"},"thumbnailUrl":"http:\/\/vagosmetalfest.com\/wp-content\/uploads\/2025\/12\/dqmfwZfoJyeBrr7xEE2zEM.jpg","datePublished":"2025-12-05T18:00:34+00:00","dateModified":"2025-12-11T13:44:06+00:00","breadcrumb":{"@id":"http:\/\/vagosmetalfest.com\/en\/noticias\/vagos-metal-fest-12-novos-nomes-confirmados\/#breadcrumb"},"inLanguage":"en-US","potentialAction":[{"@type":"ReadAction","target":["http:\/\/vagosmetalfest.com\/en\/noticias\/vagos-metal-fest-12-novos-nomes-confirmados\/"]}]},{"@type":"ImageObject","inLanguage":"en-US","@id":"http:\/\/vagosmetalfest.com\/en\/noticias\/vagos-metal-fest-12-novos-nomes-confirmados\/#primaryimage","url":"http:\/\/vagosmetalfest.com\/wp-content\/uploads\/2025\/12\/dqmfwZfoJyeBrr7xEE2zEM.jpg","contentUrl":"http:\/\/vagosmetalfest.com\/wp-content\/uploads\/2025\/12\/dqmfwZfoJyeBrr7xEE2zEM.jpg","width":1280,"height":720,"caption":"OLYMPUS DIGITAL CAMERA"},{"@type":"BreadcrumbList","@id":"http:\/\/vagosmetalfest.com\/en\/noticias\/vagos-metal-fest-12-novos-nomes-confirmados\/#breadcrumb","itemListElement":[{"@type":"ListItem","position":1,"name":"In\u00edcio","item":"https:\/\/vagosmetalfest.com\/en\/"},{"@type":"ListItem","position":2,"name":"Not\u00edcias","item":"http:\/\/vagosmetalfest.com\/en\/noticias\/"},{"@type":"ListItem","position":3,"name":"Vagos Metal Fest: 12 novos nomes confirmados"}]},{"@type":"WebSite","@id":"https:\/\/vagosmetalfest.com\/en\/#website","url":"https:\/\/vagosmetalfest.com\/en\/","name":"Vagos Metal Fest","description":"","publisher":{"@id":"https:\/\/vagosmetalfest.com\/en\/#organization"},"potentialAction":[{"@type":"SearchAction","target":{"@type":"EntryPoint","urlTemplate":"https:\/\/vagosmetalfest.com\/en\/?s={search_term_string}"},"query-input":{"@type":"PropertyValueSpecification","valueRequired":true,"valueName":"search_term_string"}}],"inLanguage":"en-US"},{"@type":"Organization","@id":"https:\/\/vagosmetalfest.com\/en\/#organization","name":"Vagos Metal Fest","url":"https:\/\/vagosmetalfest.com\/en\/","logo":{"@type":"ImageObject","inLanguage":"en-US","@id":"https:\/\/vagosmetalfest.com\/en\/#\/schema\/logo\/image\/","url":"http:\/\/vagosmetalfest.com\/wp-content\/uploads\/2024\/08\/Logo-VMF-2025.png","contentUrl":"http:\/\/vagosmetalfest.com\/wp-content\/uploads\/2024\/08\/Logo-VMF-2025.png","width":3188,"height":1147,"caption":"Vagos Metal Fest"},"image":{"@id":"https:\/\/vagosmetalfest.com\/en\/#\/schema\/logo\/image\/"}}]}},"_links":{"self":[{"href":"http:\/\/vagosmetalfest.com\/en\/wp-json\/wp\/v2\/noticias\/3472","targetHints":{"allow":["GET"]}}],"collection":[{"href":"http:\/\/vagosmetalfest.com\/en\/wp-json\/wp\/v2\/noticias"}],"about":[{"href":"http:\/\/vagosmetalfest.com\/en\/wp-json\/wp\/v2\/types\/noticias"}],"wp:featuredmedia":[{"embeddable":true,"href":"http:\/\/vagosmetalfest.com\/en\/wp-json\/wp\/v2\/media\/3477"}],"wp:attachment":[{"href":"http:\/\/vagosmetalfest.com\/en\/wp-json\/wp\/v2\/media?parent=3472"}],"wp:term":[{"taxonomy":"category","embeddable":true,"href":"http:\/\/vagosmetalfest.com\/en\/wp-json\/wp\/v2\/categories?post=3472"},{"taxonomy":"post_tag","embeddable":true,"href":"http:\/\/vagosmetalfest.com\/en\/wp-json\/wp\/v2\/tags?post=3472"}],"curies":[{"name":"wp","href":"https:\/\/api.w.org\/{rel}","templated":true}]}}